{"id":76,"date":"2026-09-03T21:41:10","date_gmt":"2026-09-03T21:41:10","guid":{"rendered":"https:\/\/www.najlepsze-blogi.com\/?p=76"},"modified":"2026-09-03T21:41:10","modified_gmt":"2026-09-03T21:41:10","slug":"kosmetyka-i-kosmetologia-jeszcze-raz","status":"publish","type":"post","link":"https:\/\/www.najlepsze-blogi.com\/?p=76","title":{"rendered":"Kosmetyka i kosmetologia jeszcze raz&#8230;"},"content":{"rendered":"\n<p>Twoja sk\u00f3ra nie potrzebuje kolejnego kremu z drogerii. Potrzebuje&nbsp;<strong>strategii<\/strong>.<\/p>\n\n\n\n<p>Wi\u0119kszo\u015b\u0107 z nas traktuje piel\u0119gnacj\u0119 jak eksperyment \u2013 co\u015b tu na\u0142o\u017c\u0119, co\u015b tam zmieszam, zobacz\u0119, co wyjdzie. Tylko \u017ce sk\u00f3ra to nie pole do\u015bwiadczalne. To \u017cywy organ, kt\u00f3ry reaguje na bod\u017ace, pami\u0119ta b\u0142\u0119dy i \u2013 co najwa\u017cniejsze \u2013&nbsp;<strong>ma sw\u00f3j w\u0142asny j\u0119zyk<\/strong>. Pytanie tylko: czy ty go rozumiesz?<\/p>\n\n\n\n<p>Bo w ESTETYCE nie rzucaj\u0105 ci\u0119 na pierwszy lepszy zabieg.&nbsp;<strong>Najpierw s\u0142uchaj\u0105<\/strong>. Potem diagnozuj\u0105. I dopiero na ko\u0144cu \u2013 dzia\u0142aj\u0105.<\/p>\n\n\n\n<h2 class=\"wp-block-heading\">\ud83e\uddec Medycyna estetyczna, kt\u00f3ra nie idzie na skr\u00f3ty<\/h2>\n\n\n\n<p>Zapomnij o pakietach \u201ena wszystko\u201d i promocjach, kt\u00f3re bardziej przypominaj\u0105 loteri\u0119 ni\u017c profesjonaln\u0105 opiek\u0119. Tu ka\u017cda kuracja zaczyna si\u0119 od&nbsp;<strong>analizy<\/strong>&nbsp;\u2013 twojego typu sk\u00f3ry, jej historii, reaktywno\u015bci, a przede wszystkim \u2013&nbsp;<strong>tego, czego naprawd\u0119 potrzebuje<\/strong>, a nie czego akurat chcesz spr\u00f3bowa\u0107.<\/p>\n\n\n\n<p>Bo r\u00f3\u017cnica mi\u0119dzy przypadkowym zabiegiem a celowan\u0105 terapi\u0105 jest taka jak mi\u0119dzy strza\u0142em w ciemno a precyzyjnym celownikiem.<\/p>\n\n\n\n<h2 class=\"wp-block-heading\">\ud83d\udd2c Technologie, kt\u00f3re zmieniaj\u0105 regu\u0142y gry<\/h2>\n\n\n\n<p>ESTETYKA to nie <a href=\"https:\/\/estetyka-kosmetologia-profesjonalna-26egpdcc.durable.site\/\">salon kosmetyczny<\/a> z \u201emi\u0142ym masa\u017cykiem\u201d. To\u00a0<strong>gabinet zaawansowanej regeneracji<\/strong>, w kt\u00f3rym nowoczesno\u015b\u0107 spotyka si\u0119 z indywidualnym podej\u015bciem:<\/p>\n\n\n\n<ul class=\"wp-block-list\">\n<li><strong>Mezoterapia ig\u0142owa<\/strong>\u00a0\u2013 substancje aktywne trafiaj\u0105 tam, gdzie s\u0105 najbardziej potrzebne, a nie tylko na powierzchni\u0119<a href=\"https:\/\/estetyka-kosmetologia-profesjonalna-26egpdcc.durable.site\/\" target=\"_blank\" rel=\"noreferrer noopener\"><\/a>. Efekt? Wyra\u017anie odm\u0142odzona, promienna cera<a href=\"https:\/\/estetyka-kosmetologia-profesjonalna-26egpdcc.durable.site\/\" target=\"_blank\" rel=\"noreferrer noopener\"><\/a>.<\/li>\n\n\n\n<li><strong>Mikronak\u0142uwanie RF<\/strong>\u00a0\u2013 po\u0142\u0105czenie precyzyjnych nak\u0142u\u0107 z energi\u0105 fal radiowych<a href=\"https:\/\/estetyka-kosmetologia-profesjonalna-26egpdcc.durable.site\/\" target=\"_blank\" rel=\"noreferrer noopener\"><\/a>. Dzia\u0142a g\u0142\u0119boko, stymuluje regeneracj\u0119, wyg\u0142adza zmarszczki i przywraca sk\u00f3rze spr\u0119\u017cysto\u015b\u0107<a href=\"https:\/\/estetyka-kosmetologia-profesjonalna-26egpdcc.durable.site\/\" target=\"_blank\" rel=\"noreferrer noopener\"><\/a>.<\/li>\n\n\n\n<li><strong>Peelingi chemiczne<\/strong>\u00a0\u2013 kontrolowane z\u0142uszczanie, kt\u00f3re ods\u0142ania \u015bwie\u017c\u0105, roz\u015bwietlon\u0105 sk\u00f3r\u0119<a href=\"https:\/\/estetyka-kosmetologia-profesjonalna-26egpdcc.durable.site\/\" target=\"_blank\" rel=\"noreferrer noopener\"><\/a>. Redukuje przebarwienia, blizny potr\u0105dzikowe i przywraca jednolity koloryt<a href=\"https:\/\/estetyka-kosmetologia-profesjonalna-26egpdcc.durable.site\/\" target=\"_blank\" rel=\"noreferrer noopener\"><\/a>.<\/li>\n\n\n\n<li><strong>Endermologia<\/strong>\u00a0\u2013 nieinwazyjny masa\u017c mechaniczny, kt\u00f3ry rozbija z\u0142ogi cellulitu, pobudza mikrokr\u0105\u017cenie i modeluje sylwetk\u0119<a href=\"https:\/\/estetyka-kosmetologia-profesjonalna-26egpdcc.durable.site\/\" target=\"_blank\" rel=\"noreferrer noopener\"><\/a>.<\/li>\n\n\n\n<li><strong>Stymulatory tkankowe<\/strong>\u00a0\u2013 biokompatybilne zwi\u0105zki, kt\u00f3re pobudzaj\u0105 naturaln\u0105 produkcj\u0119 kolagenu<a href=\"https:\/\/estetyka-kosmetologia-profesjonalna-26egpdcc.durable.site\/\" target=\"_blank\" rel=\"noreferrer noopener\"><\/a>. Efekty s\u0105 subtelne, naturalne i d\u0142ugotrwa\u0142e \u2013 bez efektu sztuczno\u015bci<a href=\"https:\/\/estetyka-kosmetologia-profesjonalna-26egpdcc.durable.site\/\" target=\"_blank\" rel=\"noreferrer noopener\"><\/a>.<\/li>\n<\/ul>\n\n\n\n<h2 class=\"wp-block-heading\">\ud83d\udc69\u200d\u2695\ufe0f Tu nie ma przypadku \u2013 jest plan<\/h2>\n\n\n\n<p>Ka\u017cdy zabieg w ESTETYCE jest&nbsp;<strong>precyzyjnie dopasowany do indywidualnych potrzeb Twojej sk\u00f3ry<\/strong><a href=\"https:\/\/estetyka-kosmetologia-profesjonalna-26egpdcc.durable.site\/\" target=\"_blank\" rel=\"noreferrer noopener\"><\/a>. Nie dlatego, \u017ce tak \u0142adnie brzmi w opisie. Dlatego, \u017ce inaczej to nie dzia\u0142a.<\/p>\n\n\n\n<p>I nie chodzi tylko o technik\u0119. Chodzi o&nbsp;<strong>kompleksowe podej\u015bcie<\/strong>&nbsp;\u2013 od pierwszej konsultacji, przez seri\u0119 zabieg\u00f3w, a\u017c po zalecenia pozabiegowe<a href=\"https:\/\/estetyka-kosmetologia-profesjonalna-26egpdcc.durable.site\/\" target=\"_blank\" rel=\"noreferrer noopener\"><\/a>. Bo prawdziwa zmiana nie bierze si\u0119 z jednej wizyty. Bierze si\u0119 z konsekwencji i zaufania do kogo\u015b, kto naprawd\u0119 wie, co robi.<\/p>\n\n\n\n<h2 class=\"wp-block-heading\">\ud83d\udcac Efekty, kt\u00f3re m\u00f3wi\u0105 same za siebie<\/h2>\n\n\n\n<p>Ponad&nbsp;<strong>500 zadowolonych klient\u00f3w<\/strong>, blisko&nbsp;<strong>2000 wykonanych zabieg\u00f3w<\/strong>&nbsp;i&nbsp;<strong>95% zadowolenia<\/strong><a href=\"https:\/\/estetyka-kosmetologia-profesjonalna-26egpdcc.durable.site\/\" target=\"_blank\" rel=\"noreferrer noopener\"><\/a>&nbsp;\u2013 to nie s\u0105 puste liczby. To dow\u00f3d na to, \u017ce sk\u00f3ra potrafi odpowiedzie\u0107 na profesjonaln\u0105 opiek\u0119. I to nie byle jak\u0105 \u2013 bo 10+ lat do\u015bwiadczenia w nowoczesnych technikach to nie jest co\u015b, co zdobywa si\u0119 z dnia na dzie\u0144<a href=\"https:\/\/estetyka-kosmetologia-profesjonalna-26egpdcc.durable.site\/\" target=\"_blank\" rel=\"noreferrer noopener\"><\/a>.<\/p>\n\n\n\n<p>A opinie klient\u00f3w? \u201eSpektakularna poprawa\u201d, \u201eefekty przesz\u0142y moje oczekiwania\u201d, \u201eodzyska\u0142am pewno\u015b\u0107 siebie\u201d<a href=\"https:\/\/estetyka-kosmetologia-profesjonalna-26egpdcc.durable.site\/\" target=\"_blank\" rel=\"noreferrer noopener\"><\/a>&nbsp;\u2013 to nie s\u0105 slogany reklamowe. To&nbsp;<strong>realne historie<\/strong>&nbsp;ludzi, kt\u00f3rzy przestali walczy\u0107 ze swoj\u0105 sk\u00f3r\u0105 i w ko\u0144cu zacz\u0119li z ni\u0105 wsp\u00f3\u0142pracowa\u0107.<\/p>\n\n\n\n<h2 class=\"wp-block-heading\">\ud83d\udccd Kielce \u2013 ale sk\u00f3ra nie zna granic<\/h2>\n\n\n\n<p>Przyjazna atmosfera, pe\u0142en profesjonalizm i indywidualne podej\u015bcie<a href=\"https:\/\/estetyka-kosmetologia-profesjonalna-26egpdcc.durable.site\/\" target=\"_blank\" rel=\"noreferrer noopener\"><\/a>&nbsp;\u2013 to wszystko czeka na ciebie w ESTETYCE. Bez zb\u0119dnego marketingu, bez wciskania \u201edodatk\u00f3w\u201d \u2013 tylko rzetelna diagnostyka, nowoczesne technologie i realne, widoczne efekty<a href=\"https:\/\/estetyka-kosmetologia-profesjonalna-26egpdcc.durable.site\/\" target=\"_blank\" rel=\"noreferrer noopener\"><\/a>.<\/p>\n\n\n\n<p><strong>\ud83d\udc49 Zajrzyj na bloga:&nbsp;<a href=\"https:\/\/estetyka-kosmetologia-profesjonalna-26egpdcc.durable.site\/\" target=\"_blank\" rel=\"noreferrer noopener\">https:\/\/estetyka-kosmetologia-profesjonalna-26egpdcc.durable.site\/<\/a><\/strong><\/p>\n\n\n\n<p>Bo twoja sk\u00f3ra zas\u0142uguje na co\u015b wi\u0119cej ni\u017c przypadkowe eksperymenty. Zas\u0142uguje na&nbsp;<strong>plan<\/strong>. A efekty? Zobaczysz je w lustrze \u2013 szybciej, ni\u017c my\u015blisz.<\/p>\n","protected":false},"excerpt":{"rendered":"<p>Twoja sk\u00f3ra nie potrzebuje kolejnego kremu z drogerii. Potrzebuje&nbsp;strategii. Wi\u0119kszo\u015b\u0107 z nas traktuje piel\u0119gnacj\u0119 jak eksperyment \u2013 co\u015b tu na\u0142o\u017c\u0119,<\/p>\n","protected":false},"author":1,"featured_media":0,"comment_status":"open","ping_status":"open","sticky":false,"template":"","format":"standard","meta":{"footnotes":""},"categories":[12,13],"tags":[6,25,7,11,26],"class_list":["post-76","post","type-post","status-publish","format-standard","hentry","category-blog-moda-i-uroda","category-blog-o-odchudzaniu","tag-blog","tag-blog-kosmetyczny","tag-blog-o-urodzie","tag-blog-o-zdrowiu-i-urodzie","tag-blog-studiokosmetyki"],"_links":{"self":[{"href":"https:\/\/www.najlepsze-blogi.com\/index.php?rest_route=\/wp\/v2\/posts\/76","targetHints":{"allow":["GET"]}}],"collection":[{"href":"https:\/\/www.najlepsze-blogi.com\/index.php?rest_route=\/wp\/v2\/posts"}],"about":[{"href":"https:\/\/www.najlepsze-blogi.com\/index.php?rest_route=\/wp\/v2\/types\/post"}],"author":[{"embeddable":true,"href":"https:\/\/www.najlepsze-blogi.com\/index.php?rest_route=\/wp\/v2\/users\/1"}],"replies":[{"embeddable":true,"href":"https:\/\/www.najlepsze-blogi.com\/index.php?rest_route=%2Fwp%2Fv2%2Fcomments&post=76"}],"version-history":[{"count":1,"href":"https:\/\/www.najlepsze-blogi.com\/index.php?rest_route=\/wp\/v2\/posts\/76\/revisions"}],"predecessor-version":[{"id":77,"href":"https:\/\/www.najlepsze-blogi.com\/index.php?rest_route=\/wp\/v2\/posts\/76\/revisions\/77"}],"wp:attachment":[{"href":"https:\/\/www.najlepsze-blogi.com\/index.php?rest_route=%2Fwp%2Fv2%2Fmedia&parent=76"}],"wp:term":[{"taxonomy":"category","embeddable":true,"href":"https:\/\/www.najlepsze-blogi.com\/index.php?rest_route=%2Fwp%2Fv2%2Fcategories&post=76"},{"taxonomy":"post_tag","embeddable":true,"href":"https:\/\/www.najlepsze-blogi.com\/index.php?rest_route=%2Fwp%2Fv2%2Ftags&post=76"}],"curies":[{"name":"wp","href":"https:\/\/api.w.org\/{rel}","templated":true}]}}